{"id":1203,"date":"2022-11-24T22:51:01","date_gmt":"2022-11-24T22:51:01","guid":{"rendered":"https:\/\/ayuntamientosanfelipeyucatan.gob.mx\/?p=1203"},"modified":"2022-11-24T22:51:01","modified_gmt":"2022-11-24T22:51:01","slug":"desfile-civico-deportivo-por-aniversario-de-la-revolucion-mexicana","status":"publish","type":"post","link":"https:\/\/ayuntamientosanfelipeyucatan.gob.mx\/index.php\/2022\/11\/24\/desfile-civico-deportivo-por-aniversario-de-la-revolucion-mexicana\/","title":{"rendered":"Desfile c\u00edvico-deportivo por aniversario de la Revoluci\u00f3n Mexicana."},"content":{"rendered":"<div id='gallery-1' class='gallery galleryid-1203 gallery-columns-7 gallery-size-thumbnail'><figure class='gallery-item'>\n\t\t\t<div class='gallery-icon landscape'>\n\t\t\t\t<a href='https:\/\/ayuntamientosanfelipeyucatan.gob.mx\/wp-content\/uploads\/2022\/11\/316112779_502376051937091_8896810330217471318_n.jpg'><img loading=\"lazy\" decoding=\"async\" width=\"150\" height=\"150\" src=\"https:\/\/ayuntamientosanfelipeyucatan.gob.mx\/wp-content\/uploads\/2022\/11\/316112779_502376051937091_8896810330217471318_n-150x150.jpg\" class=\"attachment-thumbnail size-thumbnail\" alt=\"\" \/><\/a>\n\t\t\t<\/div><\/figure><figure class='gallery-item'>\n\t\t\t<div class='gallery-icon landscape'>\n\t\t\t\t<a href='https:\/\/ayuntamientosanfelipeyucatan.gob.mx\/wp-content\/uploads\/2022\/11\/316118811_502376408603722_2181641455161978110_n.jpg'><img loading=\"lazy\" decoding=\"async\" width=\"150\" height=\"150\" src=\"https:\/\/ayuntamientosanfelipeyucatan.gob.mx\/wp-content\/uploads\/2022\/11\/316118811_502376408603722_2181641455161978110_n-150x150.jpg\" class=\"attachment-thumbnail size-thumbnail\" alt=\"\" \/><\/a>\n\t\t\t<\/div><\/figure><figure class='gallery-item'>\n\t\t\t<div class='gallery-icon landscape'>\n\t\t\t\t<a href='https:\/\/ayuntamientosanfelipeyucatan.gob.mx\/wp-content\/uploads\/2022\/11\/316254418_502376531937043_7205594892133806602_n.jpg'><img loading=\"lazy\" decoding=\"async\" width=\"150\" height=\"150\" src=\"https:\/\/ayuntamientosanfelipeyucatan.gob.mx\/wp-content\/uploads\/2022\/11\/316254418_502376531937043_7205594892133806602_n-150x150.jpg\" class=\"attachment-thumbnail size-thumbnail\" alt=\"\" \/><\/a>\n\t\t\t<\/div><\/figure><figure class='gallery-item'>\n\t\t\t<div class='gallery-icon landscape'>\n\t\t\t\t<a href='https:\/\/ayuntamientosanfelipeyucatan.gob.mx\/wp-content\/uploads\/2022\/11\/316258693_502376308603732_3192514519984779621_n.jpg'><img loading=\"lazy\" decoding=\"async\" width=\"150\" height=\"150\" src=\"https:\/\/ayuntamientosanfelipeyucatan.gob.mx\/wp-content\/uploads\/2022\/11\/316258693_502376308603732_3192514519984779621_n-150x150.jpg\" class=\"attachment-thumbnail size-thumbnail\" alt=\"\" \/><\/a>\n\t\t\t<\/div><\/figure><figure class='gallery-item'>\n\t\t\t<div class='gallery-icon landscape'>\n\t\t\t\t<a href='https:\/\/ayuntamientosanfelipeyucatan.gob.mx\/wp-content\/uploads\/2022\/11\/316284275_502376105270419_4825668270030389226_n.jpg'><img loading=\"lazy\" decoding=\"async\" width=\"150\" height=\"150\" src=\"https:\/\/ayuntamientosanfelipeyucatan.gob.mx\/wp-content\/uploads\/2022\/11\/316284275_502376105270419_4825668270030389226_n-150x150.jpg\" class=\"attachment-thumbnail size-thumbnail\" alt=\"\" \/><\/a>\n\t\t\t<\/div><\/figure><figure class='gallery-item'>\n\t\t\t<div class='gallery-icon landscape'>\n\t\t\t\t<a href='https:\/\/ayuntamientosanfelipeyucatan.gob.mx\/wp-content\/uploads\/2022\/11\/316295481_502376201937076_8066307367191345940_n.jpg'><img loading=\"lazy\" decoding=\"async\" width=\"150\" height=\"150\" src=\"https:\/\/ayuntamientosanfelipeyucatan.gob.mx\/wp-content\/uploads\/2022\/11\/316295481_502376201937076_8066307367191345940_n-150x150.jpg\" class=\"attachment-thumbnail size-thumbnail\" alt=\"\" \/><\/a>\n\t\t\t<\/div><\/figure><figure class='gallery-item'>\n\t\t\t<div class='gallery-icon landscape'>\n\t\t\t\t<a href='https:\/\/ayuntamientosanfelipeyucatan.gob.mx\/wp-content\/uploads\/2022\/11\/316308324_502376151937081_3668500107589347300_n.jpg'><img loading=\"lazy\" decoding=\"async\" width=\"150\" height=\"150\" src=\"https:\/\/ayuntamientosanfelipeyucatan.gob.mx\/wp-content\/uploads\/2022\/11\/316308324_502376151937081_3668500107589347300_n-150x150.jpg\" class=\"attachment-thumbnail size-thumbnail\" alt=\"\" \/><\/a>\n\t\t\t<\/div><\/figure>\n\t\t<\/div>\n\n<div dir=\"auto\">La ma\u00f1ana del d\u00eda viernes 18 de noviembre del presente a\u00f1o, en Marco de las fiestas del 102 Aniversario de la Revoluci\u00f3n Mexicana, se llev\u00f3 a cabo el desfile c\u00edvico &#8211; deportivo encabezado por el Alcalde C. Felipe Antonio Marrufo L\u00f3pez, los Regidores, Directores de las dependencias y por supuesto de la gran participaci\u00f3n de las Escuelas de Educaci\u00f3n Inicial, El Jard\u00edn de ni\u00f1os H\u00e9roes de Nacozari, el CAM San Felipe, la Primaria Jos\u00e9 Mar\u00eda Morelos y Pav\u00f3n y la Escuela Secundaria T\u00e9cnica 62. Se agradece a todos los padres de familia, maestros, alumnos y a las autoridades educativas y municipales por su colaboraci\u00f3n para seguir realizando estas actividades que nos identifican como mexicanos y realzan nuestro amor hacia la patria.<\/div>\n<div dir=\"auto\">En el H. Ayuntamiento de San Felipe seguiremos preservando nuestras tradiciones.<\/div>\n<div dir=\"auto\"><a class=\"x1i10hfl xjbqb8w x6umtig x1b1mbwd xaqea5y xav7gou x9f619 x1ypdohk xt0psk2 xe8uvvx xdj266r x11i5rnm xat24cr x1mh8g0r xexx8yu x4uap5 x18d9i69 xkhd6sd x16tdsg8 x1hl2dhg xggy1nq x1a2a7pz xt0b8zv x1qq9wsj xo1l8bm\" tabindex=\"0\" role=\"link\" href=\"https:\/\/www.facebook.com\/hashtag\/unidoss%C3%ADpodemos?__eep__=6&amp;__cft__[0]=AZXo5LWDldwxZxh1C1WILX2_dvLN4-7fFaJAf5UvHzL694xQkQ10VmfI5il0AnodPAQP-jOw716U_syvYJi7MHJGBvZoRA5Ijp-CSLC8zQzmmLjpQKgxsHqmX-y_o3MWEix0g0WtP3uhdxxMTZROhyv3-Uamknt2O-ZmL40Kr5rcizSNkXlJpP4casbnAQLI3cE&amp;__tn__=*NK-R\">#UnidosS\u00edpodemos<\/a>.<\/div>\n","protected":false},"excerpt":{"rendered":"<p>La ma\u00f1ana del d\u00eda viernes 18 de noviembre del presente a\u00f1o, en Marco de las fiestas del 102 Aniversario de la Revoluci\u00f3n Mexicana, se llev\u00f3 a cabo el desfile c\u00edvico &#8211; deportivo encabezado por el Alcalde C. Felipe Antonio Marrufo L\u00f3pez, los Regidores, Directores de las dependencias y por supuesto de la gran participaci\u00f3n de [&hellip;]<\/p>\n","protected":false},"author":1,"featured_media":1210,"comment_status":"closed","ping_status":"open","sticky":false,"template":"","format":"standard","meta":{"footnotes":""},"categories":[3],"tags":[],"class_list":["post-1203","post","type-post","status-publish","format-standard","has-post-thumbnail","hentry","category-presidencia"],"_links":{"self":[{"href":"https:\/\/ayuntamientosanfelipeyucatan.gob.mx\/index.php\/wp-json\/wp\/v2\/posts\/1203","targetHints":{"allow":["GET"]}}],"collection":[{"href":"https:\/\/ayuntamientosanfelipeyucatan.gob.mx\/index.php\/wp-json\/wp\/v2\/posts"}],"about":[{"href":"https:\/\/ayuntamientosanfelipeyucatan.gob.mx\/index.php\/wp-json\/wp\/v2\/types\/post"}],"author":[{"embeddable":true,"href":"https:\/\/ayuntamientosanfelipeyucatan.gob.mx\/index.php\/wp-json\/wp\/v2\/users\/1"}],"replies":[{"embeddable":true,"href":"https:\/\/ayuntamientosanfelipeyucatan.gob.mx\/index.php\/wp-json\/wp\/v2\/comments?post=1203"}],"version-history":[{"count":1,"href":"https:\/\/ayuntamientosanfelipeyucatan.gob.mx\/index.php\/wp-json\/wp\/v2\/posts\/1203\/revisions"}],"predecessor-version":[{"id":1211,"href":"https:\/\/ayuntamientosanfelipeyucatan.gob.mx\/index.php\/wp-json\/wp\/v2\/posts\/1203\/revisions\/1211"}],"wp:featuredmedia":[{"embeddable":true,"href":"https:\/\/ayuntamientosanfelipeyucatan.gob.mx\/index.php\/wp-json\/wp\/v2\/media\/1210"}],"wp:attachment":[{"href":"https:\/\/ayuntamientosanfelipeyucatan.gob.mx\/index.php\/wp-json\/wp\/v2\/media?parent=1203"}],"wp:term":[{"taxonomy":"category","embeddable":true,"href":"https:\/\/ayuntamientosanfelipeyucatan.gob.mx\/index.php\/wp-json\/wp\/v2\/categories?post=1203"},{"taxonomy":"post_tag","embeddable":true,"href":"https:\/\/ayuntamientosanfelipeyucatan.gob.mx\/index.php\/wp-json\/wp\/v2\/tags?post=1203"}],"curies":[{"name":"wp","href":"https:\/\/api.w.org\/{rel}","templated":true}]}}