{"id":1816,"date":"2023-09-18T22:03:23","date_gmt":"2023-09-18T22:03:23","guid":{"rendered":"https:\/\/ayuntamientosanfelipeyucatan.gob.mx\/?p=1816"},"modified":"2023-09-18T22:03:23","modified_gmt":"2023-09-18T22:03:23","slug":"toma-de-protesta-de-la-brigada-y-comite-municipal-de-salud-mental-y-prevencion-de-adicciones","status":"publish","type":"post","link":"https:\/\/ayuntamientosanfelipeyucatan.gob.mx\/index.php\/2023\/09\/18\/toma-de-protesta-de-la-brigada-y-comite-municipal-de-salud-mental-y-prevencion-de-adicciones\/","title":{"rendered":"Toma de Protesta de la Brigada y Comit\u00e9 Municipal de Salud mental y Prevenci\u00f3n de Adicciones."},"content":{"rendered":"<div id='gallery-1' class='gallery galleryid-1816 gallery-columns-2 gallery-size-thumbnail'><figure class='gallery-item'>\n\t\t\t<div class='gallery-icon landscape'>\n\t\t\t\t<a href='https:\/\/ayuntamientosanfelipeyucatan.gob.mx\/wp-content\/uploads\/2023\/09\/372014359_675950584579636_8703062499402611196_n.jpg'><img loading=\"lazy\" decoding=\"async\" width=\"150\" height=\"150\" src=\"https:\/\/ayuntamientosanfelipeyucatan.gob.mx\/wp-content\/uploads\/2023\/09\/372014359_675950584579636_8703062499402611196_n-150x150.jpg\" class=\"attachment-thumbnail size-thumbnail\" alt=\"\" \/><\/a>\n\t\t\t<\/div><\/figure><figure class='gallery-item'>\n\t\t\t<div class='gallery-icon landscape'>\n\t\t\t\t<a href='https:\/\/ayuntamientosanfelipeyucatan.gob.mx\/wp-content\/uploads\/2023\/09\/373313903_675950917912936_4324120804879828306_n.jpg'><img loading=\"lazy\" decoding=\"async\" width=\"150\" height=\"150\" src=\"https:\/\/ayuntamientosanfelipeyucatan.gob.mx\/wp-content\/uploads\/2023\/09\/373313903_675950917912936_4324120804879828306_n-150x150.jpg\" class=\"attachment-thumbnail size-thumbnail\" alt=\"\" \/><\/a>\n\t\t\t<\/div><\/figure>\n\t\t<\/div>\n\n<div class=\"xdj266r x11i5rnm xat24cr x1mh8g0r x1vvkbs x126k92a\">\n<div dir=\"auto\">El d\u00eda de hoy se llev\u00f3 a cabo la Toma de Protesta de la Brigada y Comit\u00e9 Municipal de Salud mental y Prevenci\u00f3n de Adicciones.<\/div>\n<\/div>\n<div class=\"x11i5rnm xat24cr x1mh8g0r x1vvkbs xtlvy1s x126k92a\">\n<div dir=\"auto\">Estuvieron presentes personal del Departamento de Salud mental de la Jurisdicci\u00f3n sanitaria No.2<\/div>\n<div dir=\"auto\">La Secretaria de Seguridad P\u00fablica del Estado<\/div>\n<div dir=\"auto\">y su equipo.<\/div>\n<div dir=\"auto\">As\u00ed como la C. Celia Rodr\u00edguez, Coordinadora de salud mental de la Jurisdicci\u00f3n sanitaria No. 2<\/div>\n<\/div>\n<div class=\"x11i5rnm xat24cr x1mh8g0r x1vvkbs xtlvy1s x126k92a\">\n<div dir=\"auto\">Particip\u00f3 de igual manera, el Alcalde C. Felipe Antonio Marrufo L\u00f3pez, los integrantes del honorable Cabildo, los Directores de las diferentes dependencias y colaboradores del Ayuntamiento.<\/div>\n<\/div>\n<div class=\"x11i5rnm xat24cr x1mh8g0r x1vvkbs xtlvy1s x126k92a\">\n<div dir=\"auto\">En San Felipe seguiremos al pendiente de la salud de los sanfelipenses.<\/div>\n<\/div>\n","protected":false},"excerpt":{"rendered":"<p>El d\u00eda de hoy se llev\u00f3 a cabo la Toma de Protesta de la Brigada y Comit\u00e9 Municipal de Salud mental y Prevenci\u00f3n de Adicciones. Estuvieron presentes personal del Departamento de Salud mental de la Jurisdicci\u00f3n sanitaria No.2 La Secretaria de Seguridad P\u00fablica del Estado y su equipo. As\u00ed como la C. Celia Rodr\u00edguez, Coordinadora [&hellip;]<\/p>\n","protected":false},"author":1,"featured_media":1818,"comment_status":"closed","ping_status":"open","sticky":false,"template":"","format":"standard","meta":{"footnotes":""},"categories":[14],"tags":[],"class_list":["post-1816","post","type-post","status-publish","format-standard","has-post-thumbnail","hentry","category-salud"],"_links":{"self":[{"href":"https:\/\/ayuntamientosanfelipeyucatan.gob.mx\/index.php\/wp-json\/wp\/v2\/posts\/1816","targetHints":{"allow":["GET"]}}],"collection":[{"href":"https:\/\/ayuntamientosanfelipeyucatan.gob.mx\/index.php\/wp-json\/wp\/v2\/posts"}],"about":[{"href":"https:\/\/ayuntamientosanfelipeyucatan.gob.mx\/index.php\/wp-json\/wp\/v2\/types\/post"}],"author":[{"embeddable":true,"href":"https:\/\/ayuntamientosanfelipeyucatan.gob.mx\/index.php\/wp-json\/wp\/v2\/users\/1"}],"replies":[{"embeddable":true,"href":"https:\/\/ayuntamientosanfelipeyucatan.gob.mx\/index.php\/wp-json\/wp\/v2\/comments?post=1816"}],"version-history":[{"count":1,"href":"https:\/\/ayuntamientosanfelipeyucatan.gob.mx\/index.php\/wp-json\/wp\/v2\/posts\/1816\/revisions"}],"predecessor-version":[{"id":1819,"href":"https:\/\/ayuntamientosanfelipeyucatan.gob.mx\/index.php\/wp-json\/wp\/v2\/posts\/1816\/revisions\/1819"}],"wp:featuredmedia":[{"embeddable":true,"href":"https:\/\/ayuntamientosanfelipeyucatan.gob.mx\/index.php\/wp-json\/wp\/v2\/media\/1818"}],"wp:attachment":[{"href":"https:\/\/ayuntamientosanfelipeyucatan.gob.mx\/index.php\/wp-json\/wp\/v2\/media?parent=1816"}],"wp:term":[{"taxonomy":"category","embeddable":true,"href":"https:\/\/ayuntamientosanfelipeyucatan.gob.mx\/index.php\/wp-json\/wp\/v2\/categories?post=1816"},{"taxonomy":"post_tag","embeddable":true,"href":"https:\/\/ayuntamientosanfelipeyucatan.gob.mx\/index.php\/wp-json\/wp\/v2\/tags?post=1816"}],"curies":[{"name":"wp","href":"https:\/\/api.w.org\/{rel}","templated":true}]}}