{"id":2053,"date":"2024-02-19T16:43:58","date_gmt":"2024-02-19T16:43:58","guid":{"rendered":"https:\/\/ayuntamientosanfelipeyucatan.gob.mx\/?p=2053"},"modified":"2024-02-19T16:43:58","modified_gmt":"2024-02-19T16:43:58","slug":"tradicional-convite-por-la-feria-en-honor-a-san-felipe-de-jesus","status":"publish","type":"post","link":"https:\/\/ayuntamientosanfelipeyucatan.gob.mx\/index.php\/2024\/02\/19\/tradicional-convite-por-la-feria-en-honor-a-san-felipe-de-jesus\/","title":{"rendered":"Tradicional Convite por la feria en honor a San Felipe de Jes\u00fas."},"content":{"rendered":"<div id='gallery-1' class='gallery galleryid-2053 gallery-columns-7 gallery-size-thumbnail'><figure class='gallery-item'>\n\t\t\t<div class='gallery-icon landscape'>\n\t\t\t\t<a href='https:\/\/ayuntamientosanfelipeyucatan.gob.mx\/wp-content\/uploads\/2024\/02\/420662384_754016083439752_1790539693083082227_n.jpg'><img loading=\"lazy\" decoding=\"async\" width=\"150\" height=\"150\" src=\"https:\/\/ayuntamientosanfelipeyucatan.gob.mx\/wp-content\/uploads\/2024\/02\/420662384_754016083439752_1790539693083082227_n-150x150.jpg\" class=\"attachment-thumbnail size-thumbnail\" alt=\"\" \/><\/a>\n\t\t\t<\/div><\/figure><figure class='gallery-item'>\n\t\t\t<div class='gallery-icon landscape'>\n\t\t\t\t<a href='https:\/\/ayuntamientosanfelipeyucatan.gob.mx\/wp-content\/uploads\/2024\/02\/420743013_754017696772924_7524955754221765070_n.jpg'><img loading=\"lazy\" decoding=\"async\" width=\"150\" height=\"150\" src=\"https:\/\/ayuntamientosanfelipeyucatan.gob.mx\/wp-content\/uploads\/2024\/02\/420743013_754017696772924_7524955754221765070_n-150x150.jpg\" class=\"attachment-thumbnail size-thumbnail\" alt=\"\" \/><\/a>\n\t\t\t<\/div><\/figure><figure class='gallery-item'>\n\t\t\t<div class='gallery-icon landscape'>\n\t\t\t\t<a href='https:\/\/ayuntamientosanfelipeyucatan.gob.mx\/wp-content\/uploads\/2024\/02\/421130182_754090106765683_910392388848502879_n.jpg'><img loading=\"lazy\" decoding=\"async\" width=\"150\" height=\"150\" src=\"https:\/\/ayuntamientosanfelipeyucatan.gob.mx\/wp-content\/uploads\/2024\/02\/421130182_754090106765683_910392388848502879_n-150x150.jpg\" class=\"attachment-thumbnail size-thumbnail\" alt=\"\" \/><\/a>\n\t\t\t<\/div><\/figure><figure class='gallery-item'>\n\t\t\t<div class='gallery-icon landscape'>\n\t\t\t\t<a href='https:\/\/ayuntamientosanfelipeyucatan.gob.mx\/wp-content\/uploads\/2024\/02\/421166396_754093616765332_8161406286655850978_n.jpg'><img loading=\"lazy\" decoding=\"async\" width=\"150\" height=\"150\" src=\"https:\/\/ayuntamientosanfelipeyucatan.gob.mx\/wp-content\/uploads\/2024\/02\/421166396_754093616765332_8161406286655850978_n-150x150.jpg\" class=\"attachment-thumbnail size-thumbnail\" alt=\"\" \/><\/a>\n\t\t\t<\/div><\/figure><figure class='gallery-item'>\n\t\t\t<div class='gallery-icon landscape'>\n\t\t\t\t<a href='https:\/\/ayuntamientosanfelipeyucatan.gob.mx\/wp-content\/uploads\/2024\/02\/421491854_754019013439459_1175888319435639644_n.jpg'><img loading=\"lazy\" decoding=\"async\" width=\"150\" height=\"150\" src=\"https:\/\/ayuntamientosanfelipeyucatan.gob.mx\/wp-content\/uploads\/2024\/02\/421491854_754019013439459_1175888319435639644_n-150x150.jpg\" class=\"attachment-thumbnail size-thumbnail\" alt=\"\" \/><\/a>\n\t\t\t<\/div><\/figure><figure class='gallery-item'>\n\t\t\t<div class='gallery-icon portrait'>\n\t\t\t\t<a href='https:\/\/ayuntamientosanfelipeyucatan.gob.mx\/wp-content\/uploads\/2024\/02\/421547403_754016953439665_7205688513179702915_n.jpg'><img loading=\"lazy\" decoding=\"async\" width=\"150\" height=\"150\" src=\"https:\/\/ayuntamientosanfelipeyucatan.gob.mx\/wp-content\/uploads\/2024\/02\/421547403_754016953439665_7205688513179702915_n-150x150.jpg\" class=\"attachment-thumbnail size-thumbnail\" alt=\"\" \/><\/a>\n\t\t\t<\/div><\/figure><figure class='gallery-item'>\n\t\t\t<div class='gallery-icon landscape'>\n\t\t\t\t<a href='https:\/\/ayuntamientosanfelipeyucatan.gob.mx\/wp-content\/uploads\/2024\/02\/421659333_754011486773545_888146343303870185_n.jpg'><img loading=\"lazy\" decoding=\"async\" width=\"150\" height=\"150\" src=\"https:\/\/ayuntamientosanfelipeyucatan.gob.mx\/wp-content\/uploads\/2024\/02\/421659333_754011486773545_888146343303870185_n-150x150.jpg\" class=\"attachment-thumbnail size-thumbnail\" alt=\"\" \/><\/a>\n\t\t\t<\/div><\/figure>\n\t\t<\/div>\n\n<div class=\"xdj266r x11i5rnm xat24cr x1mh8g0r x1vvkbs x126k92a\">\n<div dir=\"auto\">As\u00ed se vivi\u00f3 el Convite en nuestro Municipio de San Felipe <span class=\"x3nfvp2 x1j61x8r x1fcty0u xdj266r xhhsvwb xat24cr xgzva0m xxymvpz xlup9mm x1kky2od\"><img loading=\"lazy\" decoding=\"async\" class=\"xz74otr\" src=\"https:\/\/static.xx.fbcdn.net\/images\/emoji.php\/v9\/t2b\/2\/16\/1f389.png\" alt=\"\ud83c\udf89\" width=\"16\" height=\"16\" \/><\/span><span class=\"x3nfvp2 x1j61x8r x1fcty0u xdj266r xhhsvwb xat24cr xgzva0m xxymvpz xlup9mm x1kky2od\"><img loading=\"lazy\" decoding=\"async\" class=\"xz74otr\" src=\"https:\/\/static.xx.fbcdn.net\/images\/emoji.php\/v9\/t53\/2\/16\/1f38a.png\" alt=\"\ud83c\udf8a\" width=\"16\" height=\"16\" \/><\/span><span class=\"x3nfvp2 x1j61x8r x1fcty0u xdj266r xhhsvwb xat24cr xgzva0m xxymvpz xlup9mm x1kky2od\"><img loading=\"lazy\" decoding=\"async\" class=\"xz74otr\" src=\"https:\/\/static.xx.fbcdn.net\/images\/emoji.php\/v9\/ta8\/2\/16\/1f386.png\" alt=\"\ud83c\udf86\" width=\"16\" height=\"16\" \/><\/span><span class=\"x3nfvp2 x1j61x8r x1fcty0u xdj266r xhhsvwb xat24cr xgzva0m xxymvpz xlup9mm x1kky2od\"><img loading=\"lazy\" decoding=\"async\" class=\"xz74otr\" src=\"https:\/\/static.xx.fbcdn.net\/images\/emoji.php\/v9\/t53\/2\/16\/1f38a.png\" alt=\"\ud83c\udf8a\" width=\"16\" height=\"16\" \/><\/span><\/div>\n<\/div>\n<div class=\"x11i5rnm xat24cr x1mh8g0r x1vvkbs xtlvy1s x126k92a\">\n<div dir=\"auto\">El d\u00eda de ayer se llev\u00f3 a cabo el tradicional convite que marca el anuncio de nuestra festividad en honor al Santo Patrono San Felipe de Jes\u00fas.<\/div>\n<\/div>\n<div class=\"x11i5rnm xat24cr x1mh8g0r x1vvkbs xtlvy1s x126k92a\">\n<div dir=\"auto\">Se realiz\u00f3 el recorrido a las casas de los Representantes de cada gremio.<\/div>\n<\/div>\n<div class=\"x11i5rnm xat24cr x1mh8g0r x1vvkbs xtlvy1s x126k92a\">\n<div dir=\"auto\">Fue encabezado por el Presidente Municipal C. Felipe Antonio Marrufo L\u00f3pez, los Regidores del honorable cabildo, Directores, Reinas de las ferias, colaboradores del Ayuntamiento, as\u00ed como de los habitantes del puerto y municipios aleda\u00f1os.<\/div>\n<\/div>\n<div class=\"x11i5rnm xat24cr x1mh8g0r x1vvkbs xtlvy1s x126k92a\">\n<div dir=\"auto\">Ameniz\u00f3 la charanga &#8220;Margarita Balam&#8221; y el grupo &#8220;El Caracol&#8221;.<\/div>\n<\/div>\n<div class=\"x11i5rnm xat24cr x1mh8g0r x1vvkbs xtlvy1s x126k92a\">\n<div dir=\"auto\">En nuestro Puerto de San Felipe ya siente el ambiente de fiesta y diversi\u00f3n.<\/div>\n<\/div>\n","protected":false},"excerpt":{"rendered":"<p>As\u00ed se vivi\u00f3 el Convite en nuestro Municipio de San Felipe El d\u00eda de ayer se llev\u00f3 a cabo el tradicional convite que marca el anuncio de nuestra festividad en honor al Santo Patrono San Felipe de Jes\u00fas. Se realiz\u00f3 el recorrido a las casas de los Representantes de cada gremio. Fue encabezado por el [&hellip;]<\/p>\n","protected":false},"author":1,"featured_media":2055,"comment_status":"closed","ping_status":"open","sticky":false,"template":"","format":"standard","meta":{"footnotes":""},"categories":[10],"tags":[],"class_list":["post-2053","post","type-post","status-publish","format-standard","has-post-thumbnail","hentry","category-cultura"],"_links":{"self":[{"href":"https:\/\/ayuntamientosanfelipeyucatan.gob.mx\/index.php\/wp-json\/wp\/v2\/posts\/2053","targetHints":{"allow":["GET"]}}],"collection":[{"href":"https:\/\/ayuntamientosanfelipeyucatan.gob.mx\/index.php\/wp-json\/wp\/v2\/posts"}],"about":[{"href":"https:\/\/ayuntamientosanfelipeyucatan.gob.mx\/index.php\/wp-json\/wp\/v2\/types\/post"}],"author":[{"embeddable":true,"href":"https:\/\/ayuntamientosanfelipeyucatan.gob.mx\/index.php\/wp-json\/wp\/v2\/users\/1"}],"replies":[{"embeddable":true,"href":"https:\/\/ayuntamientosanfelipeyucatan.gob.mx\/index.php\/wp-json\/wp\/v2\/comments?post=2053"}],"version-history":[{"count":1,"href":"https:\/\/ayuntamientosanfelipeyucatan.gob.mx\/index.php\/wp-json\/wp\/v2\/posts\/2053\/revisions"}],"predecessor-version":[{"id":2061,"href":"https:\/\/ayuntamientosanfelipeyucatan.gob.mx\/index.php\/wp-json\/wp\/v2\/posts\/2053\/revisions\/2061"}],"wp:featuredmedia":[{"embeddable":true,"href":"https:\/\/ayuntamientosanfelipeyucatan.gob.mx\/index.php\/wp-json\/wp\/v2\/media\/2055"}],"wp:attachment":[{"href":"https:\/\/ayuntamientosanfelipeyucatan.gob.mx\/index.php\/wp-json\/wp\/v2\/media?parent=2053"}],"wp:term":[{"taxonomy":"category","embeddable":true,"href":"https:\/\/ayuntamientosanfelipeyucatan.gob.mx\/index.php\/wp-json\/wp\/v2\/categories?post=2053"},{"taxonomy":"post_tag","embeddable":true,"href":"https:\/\/ayuntamientosanfelipeyucatan.gob.mx\/index.php\/wp-json\/wp\/v2\/tags?post=2053"}],"curies":[{"name":"wp","href":"https:\/\/api.w.org\/{rel}","templated":true}]}}