{"id":2331,"date":"2024-05-20T18:37:47","date_gmt":"2024-05-20T18:37:47","guid":{"rendered":"https:\/\/ayuntamientosanfelipeyucatan.gob.mx\/?p=2331"},"modified":"2024-05-20T18:37:47","modified_gmt":"2024-05-20T18:37:47","slug":"jornada-de-la-salud-en-escuela-primaria-jose-maria-morelos-y-pavon","status":"publish","type":"post","link":"https:\/\/ayuntamientosanfelipeyucatan.gob.mx\/index.php\/2024\/05\/20\/jornada-de-la-salud-en-escuela-primaria-jose-maria-morelos-y-pavon\/","title":{"rendered":"Jornada de la Salud en escuela primaria Jos\u00e9 Mar\u00eda Morelos y Pav\u00f3n."},"content":{"rendered":"<div id='gallery-1' class='gallery galleryid-2331 gallery-columns-2 gallery-size-thumbnail'><figure class='gallery-item'>\n\t\t\t<div class='gallery-icon landscape'>\n\t\t\t\t<a href='https:\/\/ayuntamientosanfelipeyucatan.gob.mx\/wp-content\/uploads\/2024\/05\/440012710_814540984053928_4202218643578203143_n.jpg'><img loading=\"lazy\" decoding=\"async\" width=\"150\" height=\"150\" src=\"https:\/\/ayuntamientosanfelipeyucatan.gob.mx\/wp-content\/uploads\/2024\/05\/440012710_814540984053928_4202218643578203143_n-150x150.jpg\" class=\"attachment-thumbnail size-thumbnail\" alt=\"\" \/><\/a>\n\t\t\t<\/div><\/figure><figure class='gallery-item'>\n\t\t\t<div class='gallery-icon landscape'>\n\t\t\t\t<a href='https:\/\/ayuntamientosanfelipeyucatan.gob.mx\/wp-content\/uploads\/2024\/05\/440149573_814540937387266_2024574956406489077_n.jpg'><img loading=\"lazy\" decoding=\"async\" width=\"150\" height=\"150\" src=\"https:\/\/ayuntamientosanfelipeyucatan.gob.mx\/wp-content\/uploads\/2024\/05\/440149573_814540937387266_2024574956406489077_n-150x150.jpg\" class=\"attachment-thumbnail size-thumbnail\" alt=\"\" \/><\/a>\n\t\t\t<\/div><\/figure>\n\t\t<\/div>\n\n<div class=\"xdj266r x11i5rnm xat24cr x1mh8g0r x1vvkbs x126k92a\">\n<div dir=\"auto\">La Asociaci\u00f3n Filantr\u00f3pica de Profesionales de la Salud en coordinaci\u00f3n con el<\/div>\n<div dir=\"auto\">H. Ayuntamiento y la Direcci\u00f3n de salud a cargo de la Enf. Gral. Lourdes G\u00fcemez Canul invitaron a la comunidad para que asistan a la jornada de salud en la Escuela Primaria Jos\u00e9 Mar\u00eda Morelos y Pav\u00f3n.<\/div>\n<\/div>\n<div class=\"x11i5rnm xat24cr x1mh8g0r x1vvkbs xtlvy1s x126k92a\">\n<div dir=\"auto\">En el Municipio de San Felipe seguiremos birndando los servicios de salud para la protecci\u00f3n de las familias sanfelipenses.<\/div>\n<\/div>\n","protected":false},"excerpt":{"rendered":"<p>La Asociaci\u00f3n Filantr\u00f3pica de Profesionales de la Salud en coordinaci\u00f3n con el H. Ayuntamiento y la Direcci\u00f3n de salud a cargo de la Enf. Gral. Lourdes G\u00fcemez Canul invitaron a la comunidad para que asistan a la jornada de salud en la Escuela Primaria Jos\u00e9 Mar\u00eda Morelos y Pav\u00f3n. En el Municipio de San Felipe [&hellip;]<\/p>\n","protected":false},"author":1,"featured_media":2332,"comment_status":"closed","ping_status":"open","sticky":false,"template":"","format":"standard","meta":{"footnotes":""},"categories":[14],"tags":[],"class_list":["post-2331","post","type-post","status-publish","format-standard","has-post-thumbnail","hentry","category-salud"],"_links":{"self":[{"href":"https:\/\/ayuntamientosanfelipeyucatan.gob.mx\/index.php\/wp-json\/wp\/v2\/posts\/2331","targetHints":{"allow":["GET"]}}],"collection":[{"href":"https:\/\/ayuntamientosanfelipeyucatan.gob.mx\/index.php\/wp-json\/wp\/v2\/posts"}],"about":[{"href":"https:\/\/ayuntamientosanfelipeyucatan.gob.mx\/index.php\/wp-json\/wp\/v2\/types\/post"}],"author":[{"embeddable":true,"href":"https:\/\/ayuntamientosanfelipeyucatan.gob.mx\/index.php\/wp-json\/wp\/v2\/users\/1"}],"replies":[{"embeddable":true,"href":"https:\/\/ayuntamientosanfelipeyucatan.gob.mx\/index.php\/wp-json\/wp\/v2\/comments?post=2331"}],"version-history":[{"count":1,"href":"https:\/\/ayuntamientosanfelipeyucatan.gob.mx\/index.php\/wp-json\/wp\/v2\/posts\/2331\/revisions"}],"predecessor-version":[{"id":2334,"href":"https:\/\/ayuntamientosanfelipeyucatan.gob.mx\/index.php\/wp-json\/wp\/v2\/posts\/2331\/revisions\/2334"}],"wp:featuredmedia":[{"embeddable":true,"href":"https:\/\/ayuntamientosanfelipeyucatan.gob.mx\/index.php\/wp-json\/wp\/v2\/media\/2332"}],"wp:attachment":[{"href":"https:\/\/ayuntamientosanfelipeyucatan.gob.mx\/index.php\/wp-json\/wp\/v2\/media?parent=2331"}],"wp:term":[{"taxonomy":"category","embeddable":true,"href":"https:\/\/ayuntamientosanfelipeyucatan.gob.mx\/index.php\/wp-json\/wp\/v2\/categories?post=2331"},{"taxonomy":"post_tag","embeddable":true,"href":"https:\/\/ayuntamientosanfelipeyucatan.gob.mx\/index.php\/wp-json\/wp\/v2\/tags?post=2331"}],"curies":[{"name":"wp","href":"https:\/\/api.w.org\/{rel}","templated":true}]}}