{"id":3490,"date":"2025-04-21T15:21:40","date_gmt":"2025-04-21T15:21:40","guid":{"rendered":"https:\/\/ayuntamientosanfelipeyucatan.gob.mx\/?p=3490"},"modified":"2025-04-21T15:21:40","modified_gmt":"2025-04-21T15:21:40","slug":"inicia-taller-de-ritmos-latinos","status":"publish","type":"post","link":"https:\/\/ayuntamientosanfelipeyucatan.gob.mx\/index.php\/2025\/04\/21\/inicia-taller-de-ritmos-latinos\/","title":{"rendered":"Inicia Taller de Ritmos Latinos."},"content":{"rendered":"<div id='gallery-1' class='gallery galleryid-3490 gallery-columns-4 gallery-size-thumbnail'><figure class='gallery-item'>\n\t\t\t<div class='gallery-icon landscape'>\n\t\t\t\t<a href='https:\/\/ayuntamientosanfelipeyucatan.gob.mx\/wp-content\/uploads\/2025\/04\/486078081_1032515332256491_1357040280888174321_n.jpg'><img loading=\"lazy\" decoding=\"async\" width=\"150\" height=\"150\" src=\"https:\/\/ayuntamientosanfelipeyucatan.gob.mx\/wp-content\/uploads\/2025\/04\/486078081_1032515332256491_1357040280888174321_n-150x150.jpg\" class=\"attachment-thumbnail size-thumbnail\" alt=\"\" \/><\/a>\n\t\t\t<\/div><\/figure><figure class='gallery-item'>\n\t\t\t<div class='gallery-icon portrait'>\n\t\t\t\t<a href='https:\/\/ayuntamientosanfelipeyucatan.gob.mx\/wp-content\/uploads\/2025\/04\/486104602_1032515308923160_7708852633107523687_n.jpg'><img loading=\"lazy\" decoding=\"async\" width=\"150\" height=\"150\" src=\"https:\/\/ayuntamientosanfelipeyucatan.gob.mx\/wp-content\/uploads\/2025\/04\/486104602_1032515308923160_7708852633107523687_n-150x150.jpg\" class=\"attachment-thumbnail size-thumbnail\" alt=\"\" \/><\/a>\n\t\t\t<\/div><\/figure><figure class='gallery-item'>\n\t\t\t<div class='gallery-icon landscape'>\n\t\t\t\t<a href='https:\/\/ayuntamientosanfelipeyucatan.gob.mx\/wp-content\/uploads\/2025\/04\/486376385_1032515458923145_4194663404548186039_n.jpg'><img loading=\"lazy\" decoding=\"async\" width=\"150\" height=\"150\" src=\"https:\/\/ayuntamientosanfelipeyucatan.gob.mx\/wp-content\/uploads\/2025\/04\/486376385_1032515458923145_4194663404548186039_n-150x150.jpg\" class=\"attachment-thumbnail size-thumbnail\" alt=\"\" \/><\/a>\n\t\t\t<\/div><\/figure><figure class='gallery-item'>\n\t\t\t<div class='gallery-icon landscape'>\n\t\t\t\t<a href='https:\/\/ayuntamientosanfelipeyucatan.gob.mx\/wp-content\/uploads\/2025\/04\/487366329_1032515455589812_5709963256751526144_n.jpg'><img loading=\"lazy\" decoding=\"async\" width=\"150\" height=\"150\" src=\"https:\/\/ayuntamientosanfelipeyucatan.gob.mx\/wp-content\/uploads\/2025\/04\/487366329_1032515455589812_5709963256751526144_n-150x150.jpg\" class=\"attachment-thumbnail size-thumbnail\" alt=\"\" \/><\/a>\n\t\t\t<\/div><\/figure>\n\t\t<\/div>\n\n<div class=\"xdj266r x11i5rnm xat24cr x1mh8g0r x1vvkbs x126k92a\">\n<div dir=\"auto\">Hoy dio inicio el Taller de Ritmos Latinos apoyo otorgado por la Secretar\u00eda de la Cultura y las Artes del estado de Yucat\u00e1n.<\/div>\n<\/div>\n<div class=\"x11i5rnm xat24cr x1mh8g0r x1vvkbs xtlvy1s x126k92a\">\n<div dir=\"auto\">Agradecemos a la Secretaria Patricia Brise\u00f1o por trabajar en conjunto con el H. Ayuntamiento de San Felipe.<\/div>\n<\/div>\n<div class=\"x11i5rnm xat24cr x1mh8g0r x1vvkbs xtlvy1s x126k92a\">\n<div dir=\"auto\">Clases del programa CREA impartido por el Maestro Cristian Hau Loria.<\/div>\n<\/div>\n<div class=\"x11i5rnm xat24cr x1mh8g0r x1vvkbs xtlvy1s x126k92a\">\n<div dir=\"auto\">Estuvieron presentes en la inauguraci\u00f3n la S\u00edndica Municipal C. Miriam Cecilia Meneses Acevedo y la Directora de Cultura C. Marilyn Pool Martinez.<\/div>\n<\/div>\n","protected":false},"excerpt":{"rendered":"<p>Hoy dio inicio el Taller de Ritmos Latinos apoyo otorgado por la Secretar\u00eda de la Cultura y las Artes del estado de Yucat\u00e1n. Agradecemos a la Secretaria Patricia Brise\u00f1o por trabajar en conjunto con el H. Ayuntamiento de San Felipe. Clases del programa CREA impartido por el Maestro Cristian Hau Loria. Estuvieron presentes en la [&hellip;]<\/p>\n","protected":false},"author":1,"featured_media":3491,"comment_status":"closed","ping_status":"open","sticky":false,"template":"","format":"standard","meta":{"footnotes":""},"categories":[10],"tags":[],"class_list":["post-3490","post","type-post","status-publish","format-standard","has-post-thumbnail","hentry","category-cultura"],"_links":{"self":[{"href":"https:\/\/ayuntamientosanfelipeyucatan.gob.mx\/index.php\/wp-json\/wp\/v2\/posts\/3490","targetHints":{"allow":["GET"]}}],"collection":[{"href":"https:\/\/ayuntamientosanfelipeyucatan.gob.mx\/index.php\/wp-json\/wp\/v2\/posts"}],"about":[{"href":"https:\/\/ayuntamientosanfelipeyucatan.gob.mx\/index.php\/wp-json\/wp\/v2\/types\/post"}],"author":[{"embeddable":true,"href":"https:\/\/ayuntamientosanfelipeyucatan.gob.mx\/index.php\/wp-json\/wp\/v2\/users\/1"}],"replies":[{"embeddable":true,"href":"https:\/\/ayuntamientosanfelipeyucatan.gob.mx\/index.php\/wp-json\/wp\/v2\/comments?post=3490"}],"version-history":[{"count":1,"href":"https:\/\/ayuntamientosanfelipeyucatan.gob.mx\/index.php\/wp-json\/wp\/v2\/posts\/3490\/revisions"}],"predecessor-version":[{"id":3495,"href":"https:\/\/ayuntamientosanfelipeyucatan.gob.mx\/index.php\/wp-json\/wp\/v2\/posts\/3490\/revisions\/3495"}],"wp:featuredmedia":[{"embeddable":true,"href":"https:\/\/ayuntamientosanfelipeyucatan.gob.mx\/index.php\/wp-json\/wp\/v2\/media\/3491"}],"wp:attachment":[{"href":"https:\/\/ayuntamientosanfelipeyucatan.gob.mx\/index.php\/wp-json\/wp\/v2\/media?parent=3490"}],"wp:term":[{"taxonomy":"category","embeddable":true,"href":"https:\/\/ayuntamientosanfelipeyucatan.gob.mx\/index.php\/wp-json\/wp\/v2\/categories?post=3490"},{"taxonomy":"post_tag","embeddable":true,"href":"https:\/\/ayuntamientosanfelipeyucatan.gob.mx\/index.php\/wp-json\/wp\/v2\/tags?post=3490"}],"curies":[{"name":"wp","href":"https:\/\/api.w.org\/{rel}","templated":true}]}}