{"id":4031,"date":"2025-09-17T17:34:44","date_gmt":"2025-09-17T17:34:44","guid":{"rendered":"https:\/\/ayuntamientosanfelipeyucatan.gob.mx\/?p=4031"},"modified":"2025-09-17T17:34:44","modified_gmt":"2025-09-17T17:34:44","slug":"acto-conmemorativo-por-la-independencia-de-mexico","status":"publish","type":"post","link":"https:\/\/ayuntamientosanfelipeyucatan.gob.mx\/index.php\/2025\/09\/17\/acto-conmemorativo-por-la-independencia-de-mexico\/","title":{"rendered":"Acto conmemorativo por la Independencia de M\u00e9xico."},"content":{"rendered":"<div id='gallery-1' class='gallery galleryid-4031 gallery-columns-5 gallery-size-thumbnail'><figure class='gallery-item'>\n\t\t\t<div class='gallery-icon landscape'>\n\t\t\t\t<a href='https:\/\/ayuntamientosanfelipeyucatan.gob.mx\/wp-content\/uploads\/2025\/09\/549797206_1163837552457601_8961011229990431207_n.jpg'><img loading=\"lazy\" decoding=\"async\" width=\"150\" height=\"150\" src=\"https:\/\/ayuntamientosanfelipeyucatan.gob.mx\/wp-content\/uploads\/2025\/09\/549797206_1163837552457601_8961011229990431207_n-150x150.jpg\" class=\"attachment-thumbnail size-thumbnail\" alt=\"\" \/><\/a>\n\t\t\t<\/div><\/figure><figure class='gallery-item'>\n\t\t\t<div class='gallery-icon landscape'>\n\t\t\t\t<a href='https:\/\/ayuntamientosanfelipeyucatan.gob.mx\/wp-content\/uploads\/2025\/09\/548862018_1163836882457668_3521538598251153565_n.jpg'><img loading=\"lazy\" decoding=\"async\" width=\"150\" height=\"150\" src=\"https:\/\/ayuntamientosanfelipeyucatan.gob.mx\/wp-content\/uploads\/2025\/09\/548862018_1163836882457668_3521538598251153565_n-150x150.jpg\" class=\"attachment-thumbnail size-thumbnail\" alt=\"\" \/><\/a>\n\t\t\t<\/div><\/figure><figure class='gallery-item'>\n\t\t\t<div class='gallery-icon landscape'>\n\t\t\t\t<a href='https:\/\/ayuntamientosanfelipeyucatan.gob.mx\/wp-content\/uploads\/2025\/09\/548063004_1163839835790706_7070359659121565610_n.jpg'><img loading=\"lazy\" decoding=\"async\" width=\"150\" height=\"150\" src=\"https:\/\/ayuntamientosanfelipeyucatan.gob.mx\/wp-content\/uploads\/2025\/09\/548063004_1163839835790706_7070359659121565610_n-150x150.jpg\" class=\"attachment-thumbnail size-thumbnail\" alt=\"\" \/><\/a>\n\t\t\t<\/div><\/figure><figure class='gallery-item'>\n\t\t\t<div class='gallery-icon landscape'>\n\t\t\t\t<a href='https:\/\/ayuntamientosanfelipeyucatan.gob.mx\/wp-content\/uploads\/2025\/09\/547956855_1163840289123994_1040348751290269719_n.jpg'><img loading=\"lazy\" decoding=\"async\" width=\"150\" height=\"150\" src=\"https:\/\/ayuntamientosanfelipeyucatan.gob.mx\/wp-content\/uploads\/2025\/09\/547956855_1163840289123994_1040348751290269719_n-150x150.jpg\" class=\"attachment-thumbnail size-thumbnail\" alt=\"\" \/><\/a>\n\t\t\t<\/div><\/figure><figure class='gallery-item'>\n\t\t\t<div class='gallery-icon landscape'>\n\t\t\t\t<a href='https:\/\/ayuntamientosanfelipeyucatan.gob.mx\/wp-content\/uploads\/2025\/09\/545803717_1163839712457385_4870119265212558204_n.jpg'><img loading=\"lazy\" decoding=\"async\" width=\"150\" height=\"150\" src=\"https:\/\/ayuntamientosanfelipeyucatan.gob.mx\/wp-content\/uploads\/2025\/09\/545803717_1163839712457385_4870119265212558204_n-150x150.jpg\" class=\"attachment-thumbnail size-thumbnail\" alt=\"\" \/><\/a>\n\t\t\t<\/div><\/figure>\n\t\t<\/div>\n\n<div class=\"x14z9mp xat24cr x1lziwak x1vvkbs xtlvy1s x126k92a\">\n<div dir=\"auto\">Celebramos el orgullo de ser mexicanos!! <span class=\"html-span xexx8yu xyri2b x18d9i69 x1c1uobl x1hl2dhg x16tdsg8 x1vvkbs x3nfvp2 x1j61x8r x1fcty0u xdj266r xat24cr xm2jcoa x1mpyi22 xxymvpz xlup9mm x1kky2od\"><img loading=\"lazy\" decoding=\"async\" class=\"xz74otr x15mokao x1ga7v0g x16uus16 xbiv7yw\" src=\"https:\/\/static.xx.fbcdn.net\/images\/emoji.php\/v9\/t50\/1\/16\/1f1f2_1f1fd.png\" alt=\"\ud83c\uddf2\ud83c\uddfd\" width=\"16\" height=\"16\" \/><\/span><span class=\"html-span xexx8yu xyri2b x18d9i69 x1c1uobl x1hl2dhg x16tdsg8 x1vvkbs x3nfvp2 x1j61x8r x1fcty0u xdj266r xat24cr xm2jcoa x1mpyi22 xxymvpz xlup9mm x1kky2od\"><img loading=\"lazy\" decoding=\"async\" class=\"xz74otr x15mokao x1ga7v0g x16uus16 xbiv7yw\" src=\"https:\/\/static.xx.fbcdn.net\/images\/emoji.php\/v9\/t50\/1\/16\/1f1f2_1f1fd.png\" alt=\"\ud83c\uddf2\ud83c\uddfd\" width=\"16\" height=\"16\" \/><\/span><\/div>\n<\/div>\n<div class=\"x14z9mp xat24cr x1lziwak x1vvkbs xtlvy1s x126k92a\">\n<div dir=\"auto\">Nuestro Presidente Municipal C. Felipe Antonio Marrufo L\u00f3pez junto con los Regidores C. Miriam Cecilia Meneses Acevedo, S\u00edndica Municipal y el Secretario C. Antonio Jes\u00fas Acevedo Marrufo encabezaron el Grito de Independencia Nacional.<\/div>\n<\/div>\n<div class=\"x14z9mp xat24cr x1lziwak x1vvkbs xtlvy1s x126k92a\">\n<div dir=\"auto\">Tambi\u00e9n, estuvieron presentes la Presidenta del DIF, C. Fely Baltazar Novelo, el Tesorero C. Melvin D\u00edaz Marrufo, la Directora de Cultura C. Marilyn Pool Martinez y dem\u00e1s Directores y Colaboradores del H. Ayuntamiento.<\/div>\n<\/div>\n<div class=\"x14z9mp xat24cr x1lziwak x1vvkbs xtlvy1s x126k92a\">\n<div dir=\"auto\">Se realizaron los honores correspondientes a nuestra Bandera Nacional, agradecemos a la escolta de la Escuela Secundaria T\u00e9cnica 62, por su colaboraci\u00f3n.<\/div>\n<\/div>\n<div class=\"x14z9mp xat24cr x1lziwak x1vvkbs xtlvy1s x126k92a\">\n<div dir=\"auto\">En la parte cultural se impuso la banda a la ni\u00f1a Yeicelin Marina Escamilla Marrufo como la Embajadora de la Independencia 2025<span class=\"html-span xexx8yu xyri2b x18d9i69 x1c1uobl x1hl2dhg x16tdsg8 x1vvkbs x3nfvp2 x1j61x8r x1fcty0u xdj266r xat24cr xm2jcoa x1mpyi22 xxymvpz xlup9mm x1kky2od\"><img loading=\"lazy\" decoding=\"async\" class=\"xz74otr x15mokao x1ga7v0g x16uus16 xbiv7yw\" src=\"https:\/\/static.xx.fbcdn.net\/images\/emoji.php\/v9\/t8c\/1\/16\/1f389.png\" alt=\"\ud83c\udf89\" width=\"16\" height=\"16\" \/><\/span><span class=\"html-span xexx8yu xyri2b x18d9i69 x1c1uobl x1hl2dhg x16tdsg8 x1vvkbs x3nfvp2 x1j61x8r x1fcty0u xdj266r xat24cr xm2jcoa x1mpyi22 xxymvpz xlup9mm x1kky2od\"><img loading=\"lazy\" decoding=\"async\" class=\"xz74otr x15mokao x1ga7v0g x16uus16 xbiv7yw\" src=\"https:\/\/static.xx.fbcdn.net\/images\/emoji.php\/v9\/tb4\/1\/16\/1f38a.png\" alt=\"\ud83c\udf8a\" width=\"16\" height=\"16\" \/><\/span><span class=\"html-span xexx8yu xyri2b x18d9i69 x1c1uobl x1hl2dhg x16tdsg8 x1vvkbs x3nfvp2 x1j61x8r x1fcty0u xdj266r xat24cr xm2jcoa x1mpyi22 xxymvpz xlup9mm x1kky2od\"><img loading=\"lazy\" decoding=\"async\" class=\"xz74otr x15mokao x1ga7v0g x16uus16 xbiv7yw\" src=\"https:\/\/static.xx.fbcdn.net\/images\/emoji.php\/v9\/t50\/1\/16\/1f1f2_1f1fd.png\" alt=\"\ud83c\uddf2\ud83c\uddfd\" width=\"16\" height=\"16\" \/><\/span><\/div>\n<\/div>\n<div class=\"x14z9mp xat24cr x1lziwak x1vvkbs xtlvy1s x126k92a\">\n<div dir=\"auto\">En un ambiente festivo, se disfrut\u00f3 de la canciones mexicanas de Julia Castillo y la m\u00fasica del Mariachi \u201cSon del Mar\u201d quienes con el \u201cViva M\u00e9xico\u201d nos contagiaron a todos con el sentimiento nacionalista.<\/div>\n<\/div>\n<div class=\"x14z9mp xat24cr x1lziwak x1vvkbs xtlvy1s x126k92a\">\n<div dir=\"auto\">Es as\u00ed como conmemoramos nuestras fiestas patrias!!<\/div>\n<\/div>\n","protected":false},"excerpt":{"rendered":"<p>Celebramos el orgullo de ser mexicanos!! Nuestro Presidente Municipal C. Felipe Antonio Marrufo L\u00f3pez junto con los Regidores C. Miriam Cecilia Meneses Acevedo, S\u00edndica Municipal y el Secretario C. Antonio Jes\u00fas Acevedo Marrufo encabezaron el Grito de Independencia Nacional. Tambi\u00e9n, estuvieron presentes la Presidenta del DIF, C. Fely Baltazar Novelo, el Tesorero C. Melvin D\u00edaz [&hellip;]<\/p>\n","protected":false},"author":1,"featured_media":4036,"comment_status":"closed","ping_status":"open","sticky":false,"template":"","format":"standard","meta":{"footnotes":""},"categories":[3],"tags":[],"class_list":["post-4031","post","type-post","status-publish","format-standard","has-post-thumbnail","hentry","category-presidencia"],"_links":{"self":[{"href":"https:\/\/ayuntamientosanfelipeyucatan.gob.mx\/index.php\/wp-json\/wp\/v2\/posts\/4031","targetHints":{"allow":["GET"]}}],"collection":[{"href":"https:\/\/ayuntamientosanfelipeyucatan.gob.mx\/index.php\/wp-json\/wp\/v2\/posts"}],"about":[{"href":"https:\/\/ayuntamientosanfelipeyucatan.gob.mx\/index.php\/wp-json\/wp\/v2\/types\/post"}],"author":[{"embeddable":true,"href":"https:\/\/ayuntamientosanfelipeyucatan.gob.mx\/index.php\/wp-json\/wp\/v2\/users\/1"}],"replies":[{"embeddable":true,"href":"https:\/\/ayuntamientosanfelipeyucatan.gob.mx\/index.php\/wp-json\/wp\/v2\/comments?post=4031"}],"version-history":[{"count":1,"href":"https:\/\/ayuntamientosanfelipeyucatan.gob.mx\/index.php\/wp-json\/wp\/v2\/posts\/4031\/revisions"}],"predecessor-version":[{"id":4037,"href":"https:\/\/ayuntamientosanfelipeyucatan.gob.mx\/index.php\/wp-json\/wp\/v2\/posts\/4031\/revisions\/4037"}],"wp:featuredmedia":[{"embeddable":true,"href":"https:\/\/ayuntamientosanfelipeyucatan.gob.mx\/index.php\/wp-json\/wp\/v2\/media\/4036"}],"wp:attachment":[{"href":"https:\/\/ayuntamientosanfelipeyucatan.gob.mx\/index.php\/wp-json\/wp\/v2\/media?parent=4031"}],"wp:term":[{"taxonomy":"category","embeddable":true,"href":"https:\/\/ayuntamientosanfelipeyucatan.gob.mx\/index.php\/wp-json\/wp\/v2\/categories?post=4031"},{"taxonomy":"post_tag","embeddable":true,"href":"https:\/\/ayuntamientosanfelipeyucatan.gob.mx\/index.php\/wp-json\/wp\/v2\/tags?post=4031"}],"curies":[{"name":"wp","href":"https:\/\/api.w.org\/{rel}","templated":true}]}}