{"id":4261,"date":"2025-12-15T22:17:32","date_gmt":"2025-12-15T22:17:32","guid":{"rendered":"https:\/\/ayuntamientosanfelipeyucatan.gob.mx\/?p=4261"},"modified":"2025-12-15T22:17:32","modified_gmt":"2025-12-15T22:17:32","slug":"encendido-del-arbol-navideno","status":"publish","type":"post","link":"https:\/\/ayuntamientosanfelipeyucatan.gob.mx\/index.php\/2025\/12\/15\/encendido-del-arbol-navideno\/","title":{"rendered":"Encendido del \u00e1rbol navide\u00f1o."},"content":{"rendered":"<div id='gallery-1' class='gallery galleryid-4261 gallery-columns-6 gallery-size-thumbnail'><figure class='gallery-item'>\n\t\t\t<div class='gallery-icon landscape'>\n\t\t\t\t<a href='https:\/\/ayuntamientosanfelipeyucatan.gob.mx\/wp-content\/uploads\/2025\/12\/594413090_1232830315558324_1921966040531836147_n.jpg'><img loading=\"lazy\" decoding=\"async\" width=\"150\" height=\"150\" src=\"https:\/\/ayuntamientosanfelipeyucatan.gob.mx\/wp-content\/uploads\/2025\/12\/594413090_1232830315558324_1921966040531836147_n-150x150.jpg\" class=\"attachment-thumbnail size-thumbnail\" alt=\"\" \/><\/a>\n\t\t\t<\/div><\/figure><figure class='gallery-item'>\n\t\t\t<div class='gallery-icon landscape'>\n\t\t\t\t<a href='https:\/\/ayuntamientosanfelipeyucatan.gob.mx\/wp-content\/uploads\/2025\/12\/595220655_1232829685558387_1125514474745633594_n.jpg'><img loading=\"lazy\" decoding=\"async\" width=\"150\" height=\"150\" src=\"https:\/\/ayuntamientosanfelipeyucatan.gob.mx\/wp-content\/uploads\/2025\/12\/595220655_1232829685558387_1125514474745633594_n-150x150.jpg\" class=\"attachment-thumbnail size-thumbnail\" alt=\"\" \/><\/a>\n\t\t\t<\/div><\/figure><figure class='gallery-item'>\n\t\t\t<div class='gallery-icon landscape'>\n\t\t\t\t<a href='https:\/\/ayuntamientosanfelipeyucatan.gob.mx\/wp-content\/uploads\/2025\/12\/595684564_1232829995558356_5099516347627651699_n.jpg'><img loading=\"lazy\" decoding=\"async\" width=\"150\" height=\"150\" src=\"https:\/\/ayuntamientosanfelipeyucatan.gob.mx\/wp-content\/uploads\/2025\/12\/595684564_1232829995558356_5099516347627651699_n-150x150.jpg\" class=\"attachment-thumbnail size-thumbnail\" alt=\"\" \/><\/a>\n\t\t\t<\/div><\/figure><figure class='gallery-item'>\n\t\t\t<div class='gallery-icon landscape'>\n\t\t\t\t<a href='https:\/\/ayuntamientosanfelipeyucatan.gob.mx\/wp-content\/uploads\/2025\/12\/596057967_1232840328890656_394577556992203674_n.jpg'><img loading=\"lazy\" decoding=\"async\" width=\"150\" height=\"150\" src=\"https:\/\/ayuntamientosanfelipeyucatan.gob.mx\/wp-content\/uploads\/2025\/12\/596057967_1232840328890656_394577556992203674_n-150x150.jpg\" class=\"attachment-thumbnail size-thumbnail\" alt=\"\" \/><\/a>\n\t\t\t<\/div><\/figure><figure class='gallery-item'>\n\t\t\t<div class='gallery-icon landscape'>\n\t\t\t\t<a href='https:\/\/ayuntamientosanfelipeyucatan.gob.mx\/wp-content\/uploads\/2025\/12\/596150058_1232840168890672_7097586629878985877_n.jpg'><img loading=\"lazy\" decoding=\"async\" width=\"150\" height=\"150\" src=\"https:\/\/ayuntamientosanfelipeyucatan.gob.mx\/wp-content\/uploads\/2025\/12\/596150058_1232840168890672_7097586629878985877_n-150x150.jpg\" class=\"attachment-thumbnail size-thumbnail\" alt=\"\" \/><\/a>\n\t\t\t<\/div><\/figure><figure class='gallery-item'>\n\t\t\t<div class='gallery-icon portrait'>\n\t\t\t\t<a href='https:\/\/ayuntamientosanfelipeyucatan.gob.mx\/wp-content\/uploads\/2025\/12\/597383282_1232840072224015_4773247166602981357_n.jpg'><img loading=\"lazy\" decoding=\"async\" width=\"150\" height=\"150\" src=\"https:\/\/ayuntamientosanfelipeyucatan.gob.mx\/wp-content\/uploads\/2025\/12\/597383282_1232840072224015_4773247166602981357_n-150x150.jpg\" class=\"attachment-thumbnail size-thumbnail\" alt=\"\" \/><\/a>\n\t\t\t<\/div><\/figure>\n\t\t<\/div>\n\n<div class=\"xdj266r x14z9mp xat24cr x1lziwak x1vvkbs x126k92a\">\n<div dir=\"auto\">Hoy se ilumin\u00f3 el H. Ayuntamiento con el encendido del \u00e1rbol navide\u00f1o<span class=\"html-span xexx8yu xyri2b x18d9i69 x1c1uobl x1hl2dhg x16tdsg8 x1vvkbs x3nfvp2 x1j61x8r x1fcty0u xdj266r xat24cr xm2jcoa x1mpyi22 xxymvpz xlup9mm x1kky2od\"><img loading=\"lazy\" decoding=\"async\" class=\"xz74otr x15mokao x1ga7v0g x16uus16 xbiv7yw\" src=\"https:\/\/static.xx.fbcdn.net\/images\/emoji.php\/v9\/t88\/1\/16\/1f385.png\" alt=\"\ud83c\udf85\" width=\"16\" height=\"16\" \/><\/span><\/div>\n<\/div>\n<div class=\"x14z9mp xat24cr x1lziwak x1vvkbs xtlvy1s x126k92a\">\n<div dir=\"auto\">Estuvieron presentes el Alcalde Municipal C. Felipe Antonio Marrufo L\u00f3pez, acompa\u00f1ado de su esposa<\/div>\n<div dir=\"auto\">C. Fely Baltazar Novelo, los Regidores, Directores y colaboradores de la administraci\u00f3n.<\/div>\n<\/div>\n<div class=\"x14z9mp xat24cr x1lziwak x1vvkbs xtlvy1s x126k92a\">\n<div dir=\"auto\">Fue una noche m\u00e1gica llena de sorpresas, diversi\u00f3n y un ambiente lleno de emociones.<\/div>\n<\/div>\n<div class=\"x14z9mp xat24cr x1lziwak x1vvkbs xtlvy1s x126k92a\">\n<div dir=\"auto\">Se acerca la Navidad y deseamos que en todas las familias sanfelipenses reine la uni\u00f3n, la paz y armon\u00eda.<\/div>\n<\/div>\n<div class=\"x14z9mp xat24cr x1lziwak x1vvkbs xtlvy1s x126k92a\">\n<div dir=\"auto\"><span class=\"html-span xexx8yu xyri2b x18d9i69 x1c1uobl x1hl2dhg x16tdsg8 x1vvkbs x3nfvp2 x1j61x8r x1fcty0u xdj266r xat24cr xm2jcoa x1mpyi22 xxymvpz xlup9mm x1kky2od\"><img loading=\"lazy\" decoding=\"async\" class=\"xz74otr x15mokao x1ga7v0g x16uus16 xbiv7yw\" src=\"https:\/\/static.xx.fbcdn.net\/images\/emoji.php\/v9\/t7\/1\/16\/1f384.png\" alt=\"\ud83c\udf84\" width=\"16\" height=\"16\" \/><\/span><span class=\"html-span xexx8yu xyri2b x18d9i69 x1c1uobl x1hl2dhg x16tdsg8 x1vvkbs x3nfvp2 x1j61x8r x1fcty0u xdj266r xat24cr xm2jcoa x1mpyi22 xxymvpz xlup9mm x1kky2od\"><img loading=\"lazy\" decoding=\"async\" class=\"xz74otr x15mokao x1ga7v0g x16uus16 xbiv7yw\" src=\"https:\/\/static.xx.fbcdn.net\/images\/emoji.php\/v9\/tf0\/1\/16\/2603.png\" alt=\"\u2603\ufe0f\" width=\"16\" height=\"16\" \/><\/span>Felices fiestas decembrinas<\/div>\n<\/div>\n","protected":false},"excerpt":{"rendered":"<p>Hoy se ilumin\u00f3 el H. Ayuntamiento con el encendido del \u00e1rbol navide\u00f1o Estuvieron presentes el Alcalde Municipal C. Felipe Antonio Marrufo L\u00f3pez, acompa\u00f1ado de su esposa C. Fely Baltazar Novelo, los Regidores, Directores y colaboradores de la administraci\u00f3n. Fue una noche m\u00e1gica llena de sorpresas, diversi\u00f3n y un ambiente lleno de emociones. Se acerca la [&hellip;]<\/p>\n","protected":false},"author":1,"featured_media":4263,"comment_status":"closed","ping_status":"open","sticky":false,"template":"","format":"standard","meta":{"footnotes":""},"categories":[3],"tags":[],"class_list":["post-4261","post","type-post","status-publish","format-standard","has-post-thumbnail","hentry","category-presidencia"],"_links":{"self":[{"href":"https:\/\/ayuntamientosanfelipeyucatan.gob.mx\/index.php\/wp-json\/wp\/v2\/posts\/4261","targetHints":{"allow":["GET"]}}],"collection":[{"href":"https:\/\/ayuntamientosanfelipeyucatan.gob.mx\/index.php\/wp-json\/wp\/v2\/posts"}],"about":[{"href":"https:\/\/ayuntamientosanfelipeyucatan.gob.mx\/index.php\/wp-json\/wp\/v2\/types\/post"}],"author":[{"embeddable":true,"href":"https:\/\/ayuntamientosanfelipeyucatan.gob.mx\/index.php\/wp-json\/wp\/v2\/users\/1"}],"replies":[{"embeddable":true,"href":"https:\/\/ayuntamientosanfelipeyucatan.gob.mx\/index.php\/wp-json\/wp\/v2\/comments?post=4261"}],"version-history":[{"count":1,"href":"https:\/\/ayuntamientosanfelipeyucatan.gob.mx\/index.php\/wp-json\/wp\/v2\/posts\/4261\/revisions"}],"predecessor-version":[{"id":4268,"href":"https:\/\/ayuntamientosanfelipeyucatan.gob.mx\/index.php\/wp-json\/wp\/v2\/posts\/4261\/revisions\/4268"}],"wp:featuredmedia":[{"embeddable":true,"href":"https:\/\/ayuntamientosanfelipeyucatan.gob.mx\/index.php\/wp-json\/wp\/v2\/media\/4263"}],"wp:attachment":[{"href":"https:\/\/ayuntamientosanfelipeyucatan.gob.mx\/index.php\/wp-json\/wp\/v2\/media?parent=4261"}],"wp:term":[{"taxonomy":"category","embeddable":true,"href":"https:\/\/ayuntamientosanfelipeyucatan.gob.mx\/index.php\/wp-json\/wp\/v2\/categories?post=4261"},{"taxonomy":"post_tag","embeddable":true,"href":"https:\/\/ayuntamientosanfelipeyucatan.gob.mx\/index.php\/wp-json\/wp\/v2\/tags?post=4261"}],"curies":[{"name":"wp","href":"https:\/\/api.w.org\/{rel}","templated":true}]}}